{"id":4234,"date":"2022-11-09T11:24:45","date_gmt":"2022-11-09T10:24:45","guid":{"rendered":"https:\/\/www.bremer-kantorei-stephani.de\/?p=4234"},"modified":"2022-11-09T11:31:21","modified_gmt":"2022-11-09T10:31:21","slug":"sunday-november-27-2022-at-7-p-m","status":"publish","type":"post","link":"https:\/\/www.bremer-kantorei-stephani.de\/en\/sunday-november-27-2022-at-7-p-m\/","title":{"rendered":"Sunday, November 27, 2022 at 7 p.m"},"content":{"rendered":"<pre id=\"tw-target-text\" class=\"tw-data-text tw-text-large tw-ta\" dir=\"ltr\" data-placeholder=\"\u00dcbersetzung\"><span class=\"Y2IQFc\" lang=\"en\"><strong>George Frideric Handel - The Messiah<\/strong>\r\nLuc\u00eda Mart\u00edn Cart\u00f3n (S)\r\nAnna-Maria Torkel (A)\r\nClemens C. Fireman (T)\r\nArmin Kolarczyk (B)\r\nChamber Symphony Bremen\r\nConductor: Tim Gunther<\/span><\/pre>\n","protected":false},"excerpt":{"rendered":"<p><strong>Georg Friedrich H\u00e4ndel \u2013 The Messiah<br \/>\n<\/strong><br \/>\nLuc\u00eda Mart\u00edn Cart\u00f3n (S)<br \/>\nAnna-Maria Torkel (A)<br \/>\nClemens C. Fireman (T)<br \/>\nArmin Kolarczyk (B)<br \/>\nChamber Symphony Bremen<br \/>\nConductor: Tim Gunther<\/p>\n","protected":false},"author":2,"featured_media":0,"comment_status":"closed","ping_status":"closed","sticky":false,"template":"","format":"standard","meta":{"footnotes":""},"categories":[30],"tags":[],"class_list":["post-4234","post","type-post","status-publish","format-standard","hentry","category-program"],"_links":{"self":[{"href":"https:\/\/www.bremer-kantorei-stephani.de\/en\/wp-json\/wp\/v2\/posts\/4234","targetHints":{"allow":["GET"]}}],"collection":[{"href":"https:\/\/www.bremer-kantorei-stephani.de\/en\/wp-json\/wp\/v2\/posts"}],"about":[{"href":"https:\/\/www.bremer-kantorei-stephani.de\/en\/wp-json\/wp\/v2\/types\/post"}],"author":[{"embeddable":true,"href":"https:\/\/www.bremer-kantorei-stephani.de\/en\/wp-json\/wp\/v2\/users\/2"}],"replies":[{"embeddable":true,"href":"https:\/\/www.bremer-kantorei-stephani.de\/en\/wp-json\/wp\/v2\/comments?post=4234"}],"version-history":[{"count":1,"href":"https:\/\/www.bremer-kantorei-stephani.de\/en\/wp-json\/wp\/v2\/posts\/4234\/revisions"}],"predecessor-version":[{"id":4257,"href":"https:\/\/www.bremer-kantorei-stephani.de\/en\/wp-json\/wp\/v2\/posts\/4234\/revisions\/4257"}],"wp:attachment":[{"href":"https:\/\/www.bremer-kantorei-stephani.de\/en\/wp-json\/wp\/v2\/media?parent=4234"}],"wp:term":[{"taxonomy":"category","embeddable":true,"href":"https:\/\/www.bremer-kantorei-stephani.de\/en\/wp-json\/wp\/v2\/categories?post=4234"},{"taxonomy":"post_tag","embeddable":true,"href":"https:\/\/www.bremer-kantorei-stephani.de\/en\/wp-json\/wp\/v2\/tags?post=4234"}],"curies":[{"name":"wp","href":"https:\/\/api.w.org\/{rel}","templated":true}]}}